{"id":17457,"date":"2015-05-17T07:19:53","date_gmt":"2015-05-17T06:19:53","guid":{"rendered":"http:\/\/narodnilijek.com\/web\/?p=17457"},"modified":"2023-12-11T21:15:18","modified_gmt":"2023-12-11T20:15:18","slug":"ovalno-izduzeno-okruglo-sto-vase-lice-govori-o-vama","status":"publish","type":"post","link":"https:\/\/www.narodnilijek.com\/web\/ovalno-izduzeno-okruglo-sto-vase-lice-govori-o-vama\/","title":{"rendered":"Ovalno, izdu\u017eeno, okruglo? \u0160to va\u0161e lice govori o vama"},"content":{"rendered":"\n<p>Drevni Kinezi vjerovali su da je lice odraz va\u0161eg unutarnjeg duha. U srednjovjekovnoj Europi ljepota je pak smatrana sinonimom za vrline, a ru\u017eno\u0107a je bila znak zla<\/p>\n\n\n\n<p>Stolje\u0107ima su ljudi poku\u0161avali razumjeti druge ljude gledaju\u0107i samo u njihovo lice. Drevni Kinezi vjerovali su da je lice odraz va\u0161eg unutarnjeg duha.<\/p>\n\n\n\n<p>U srednjovjekovnoj Europi ljepota je pak smatrana sinonimom za vrline, a ru\u017eno\u0107a je bila znak zla.<\/p>\n\n\n\n<h2 class=\"wp-block-heading\">\u0160ta oblik lica otkriva o vama<\/h2>\n\n\n\n<p>Iako se ovakvi podaci danas nazivaju staromodnima i sve se bazira na znanstvenim istra\u017eivanjima, i dalje mnogi vjeruju kako postoji izravna veza izme\u0111u oblika lica i \u010dovjekove osobnosti.<\/p>\n\n\n\n<h3 class=\"wp-block-heading\">Okruglo lice<\/h3>\n\n\n\n<p>Osobe s okruglim licem emocionalne su, osjetljive prema drugima i bri\u017ene. Mu\u0161karci imaju jake seksualne fantazije i u\u017eivaju u stabilnim i dugim vezama.<\/p>\n\n\n\n<h3 class=\"wp-block-heading\">Duguljasto lice<\/h3>\n\n\n\n<p>Osobe s ovakvim oblikom lica vrlo su prakti\u010dne, metodi\u010dne i nije im te\u0161ko raditi. Naj\u010de\u0161\u0107e su mi\u0161i\u0107ave i atletski tipovi, no zbog previ\u0161e samopouzdanja mogu imati probleme u vezi.<\/p>\n\n\n\n<h3 class=\"wp-block-heading\">\u010cetvrtasto lice<\/h3>\n\n\n\n<p>\u010cetvrtasto lice \u010desto se povezuje s vatrom stoga je mogu\u0107e da su takvi ljudi agresivni, ambiciozni i vole dominirati. Imaju o\u0161tar, analiti\u010dan um i jako su odlu\u010dni.<\/p>\n\n\n\n<h3 class=\"wp-block-heading\">Trokutasto lice<\/h3>\n\n\n\n<p>Osobe s ovakvim licem povezane su s mr\u0161avim i zgodnim tijelom te intelektualnom nadmo\u0107i. Ovakvo lice tako\u0111er se povezuje s kreativno\u0161\u0107u i osjetljivo\u0161\u0107u, ali i s vatrenim temperamentom.<\/p>\n\n\n\n<p><span style=\"color: #008000;\"><a style=\"color: #008000;\" href=\"http:\/\/narodnilijek.com\/web\/duzina-prstiju-moze-da-otkrije-karakter\/\">&gt;&gt;&nbsp;Du\u017eina prstiju mo\u017ee da otkrije karakter!<\/a><\/span><\/p>\n","protected":false},"excerpt":{"rendered":"<p>Drevni Kinezi vjerovali su da je lice odraz va\u0161eg unutarnjeg duha. U srednjovjekovnoj Europi ljepota je pak smatrana sinonimom za vrline, a ru\u017eno\u0107a je bila znak zla Stolje\u0107ima su ljudi poku\u0161avali razumjeti druge ljude gledaju\u0107i samo u njihovo lice. Drevni Kinezi vjerovali su da je lice odraz va\u0161eg unutarnjeg duha. U srednjovjekovnoj Europi ljepota je [&hellip;]<\/p>\n","protected":false},"author":1,"featured_media":17458,"comment_status":"open","ping_status":"open","sticky":false,"template":"","format":"standard","meta":{"jetpack_post_was_ever_published":false,"_jetpack_newsletter_access":"","_jetpack_dont_email_post_to_subs":false,"_jetpack_newsletter_tier_id":0,"_jetpack_memberships_contains_paywalled_content":false,"_jetpack_memberships_contains_paid_content":false,"footnotes":"","jetpack_publicize_message":"","jetpack_publicize_feature_enabled":true,"jetpack_social_post_already_shared":false,"jetpack_social_options":{"image_generator_settings":{"template":"highway","default_image_id":0,"enabled":false},"version":2}},"categories":[3910,427],"tags":[4884,4882,4883,4090],"class_list":{"0":"post-17457","1":"post","2":"type-post","3":"status-publish","4":"format-standard","5":"has-post-thumbnail","7":"category-novosti","8":"category-savjeti","9":"tag-izduzeno-lice","10":"tag-oblik-lica","11":"tag-okruglo-lice","12":"tag-znacenje"},"yoast_head":"<!-- This site is optimized with the Yoast SEO plugin v25.3.1 - https:\/\/yoast.com\/wordpress\/plugins\/seo\/ -->\n<title>Ovalno, izdu\u017eeno, okruglo? \u0160to va\u0161e lice govori o vama<\/title>\n<meta name=\"description\" content=\"Drevni Kinezi vjerovali su da je lice odraz va\u0161eg unutarnjeg duha. U srednjovjekovnoj Europi ljepota je pak smatrana sinonimom za vrline, a ru\u017eno\u0107a je bila znak zla...\" \/>\n<meta name=\"robots\" content=\"index, follow, max-snippet:-1, max-image-preview:large, max-video-preview:-1\" \/>\n<link rel=\"canonical\" href=\"https:\/\/www.narodnilijek.com\/web\/ovalno-izduzeno-okruglo-sto-vase-lice-govori-o-vama\/\" \/>\n<meta property=\"og:locale\" content=\"hr_HR\" \/>\n<meta property=\"og:type\" content=\"article\" \/>\n<meta property=\"og:title\" content=\"Ovalno, izdu\u017eeno, okruglo? \u0160to va\u0161e lice govori o vama\" \/>\n<meta property=\"og:description\" content=\"Drevni Kinezi vjerovali su da je lice odraz va\u0161eg unutarnjeg duha. U srednjovjekovnoj Europi ljepota je pak smatrana sinonimom za vrline, a ru\u017eno\u0107a je bila znak zla...\" \/>\n<meta property=\"og:url\" content=\"https:\/\/www.narodnilijek.com\/web\/ovalno-izduzeno-okruglo-sto-vase-lice-govori-o-vama\/\" \/>\n<meta property=\"og:site_name\" content=\"Narodni Lijek\" \/>\n<meta property=\"article:publisher\" content=\"https:\/\/www.facebook.com\/narodnilijek\/\" \/>\n<meta property=\"article:author\" content=\"https:\/\/www.facebook.com\/narodnilijek\/\" \/>\n<meta property=\"article:published_time\" content=\"2015-05-17T06:19:53+00:00\" \/>\n<meta property=\"article:modified_time\" content=\"2023-12-11T20:15:18+00:00\" \/>\n<meta property=\"og:image\" content=\"https:\/\/www.narodnilijek.com\/web\/wp-content\/uploads\/oblik-lica.jpg\" \/>\n\t<meta property=\"og:image:width\" content=\"645\" \/>\n\t<meta property=\"og:image:height\" content=\"415\" \/>\n\t<meta property=\"og:image:type\" content=\"image\/jpeg\" \/>\n<meta name=\"author\" content=\"Narodni Lijek\" \/>\n<meta name=\"twitter:card\" content=\"summary_large_image\" \/>\n<meta name=\"twitter:creator\" content=\"@https:\/\/twitter.com\/narodnilijek\" \/>\n<meta name=\"twitter:site\" content=\"@narodnilijek\" \/>\n<meta name=\"twitter:label1\" content=\"Napisao\/la\" \/>\n\t<meta name=\"twitter:data1\" content=\"Narodni Lijek\" \/>\n\t<meta name=\"twitter:label2\" content=\"Procijenjeno vrijeme \u010ditanja\" \/>\n\t<meta name=\"twitter:data2\" content=\"2 minute\" \/>\n<script type=\"application\/ld+json\" class=\"yoast-schema-graph\">{\"@context\":\"https:\/\/schema.org\",\"@graph\":[{\"@type\":\"WebPage\",\"@id\":\"https:\/\/www.narodnilijek.com\/web\/ovalno-izduzeno-okruglo-sto-vase-lice-govori-o-vama\/\",\"url\":\"https:\/\/www.narodnilijek.com\/web\/ovalno-izduzeno-okruglo-sto-vase-lice-govori-o-vama\/\",\"name\":\"Ovalno, izdu\u017eeno, okruglo? \u0160to va\u0161e lice govori o vama\",\"isPartOf\":{\"@id\":\"https:\/\/www.narodnilijek.com\/web\/#website\"},\"primaryImageOfPage\":{\"@id\":\"https:\/\/www.narodnilijek.com\/web\/ovalno-izduzeno-okruglo-sto-vase-lice-govori-o-vama\/#primaryimage\"},\"image\":{\"@id\":\"https:\/\/www.narodnilijek.com\/web\/ovalno-izduzeno-okruglo-sto-vase-lice-govori-o-vama\/#primaryimage\"},\"thumbnailUrl\":\"https:\/\/i0.wp.com\/www.narodnilijek.com\/web\/wp-content\/uploads\/oblik-lica.jpg?fit=645%2C415&ssl=1\",\"datePublished\":\"2015-05-17T06:19:53+00:00\",\"dateModified\":\"2023-12-11T20:15:18+00:00\",\"author\":{\"@id\":\"https:\/\/www.narodnilijek.com\/web\/#\/schema\/person\/0d05cba60948b364a0a3445de138b90a\"},\"description\":\"Drevni Kinezi vjerovali su da je lice odraz va\u0161eg unutarnjeg duha. U srednjovjekovnoj Europi ljepota je pak smatrana sinonimom za vrline, a ru\u017eno\u0107a je bila znak zla...\",\"breadcrumb\":{\"@id\":\"https:\/\/www.narodnilijek.com\/web\/ovalno-izduzeno-okruglo-sto-vase-lice-govori-o-vama\/#breadcrumb\"},\"inLanguage\":\"hr\",\"potentialAction\":[{\"@type\":\"ReadAction\",\"target\":[\"https:\/\/www.narodnilijek.com\/web\/ovalno-izduzeno-okruglo-sto-vase-lice-govori-o-vama\/\"]}]},{\"@type\":\"ImageObject\",\"inLanguage\":\"hr\",\"@id\":\"https:\/\/www.narodnilijek.com\/web\/ovalno-izduzeno-okruglo-sto-vase-lice-govori-o-vama\/#primaryimage\",\"url\":\"https:\/\/i0.wp.com\/www.narodnilijek.com\/web\/wp-content\/uploads\/oblik-lica.jpg?fit=645%2C415&ssl=1\",\"contentUrl\":\"https:\/\/i0.wp.com\/www.narodnilijek.com\/web\/wp-content\/uploads\/oblik-lica.jpg?fit=645%2C415&ssl=1\",\"width\":645,\"height\":415,\"caption\":\"zna\u010denje oblika lica\"},{\"@type\":\"BreadcrumbList\",\"@id\":\"https:\/\/www.narodnilijek.com\/web\/ovalno-izduzeno-okruglo-sto-vase-lice-govori-o-vama\/#breadcrumb\",\"itemListElement\":[{\"@type\":\"ListItem\",\"position\":1,\"name\":\"Naslovna\",\"item\":\"https:\/\/www.narodnilijek.com\/web\/\"},{\"@type\":\"ListItem\",\"position\":2,\"name\":\"Ovalno, izdu\u017eeno, okruglo? \u0160to va\u0161e lice govori o vama\"}]},{\"@type\":\"WebSite\",\"@id\":\"https:\/\/www.narodnilijek.com\/web\/#website\",\"url\":\"https:\/\/www.narodnilijek.com\/web\/\",\"name\":\"Narodni Lijek\",\"description\":\"Magazin za zdravlje i alternativnu medicinu\",\"potentialAction\":[{\"@type\":\"SearchAction\",\"target\":{\"@type\":\"EntryPoint\",\"urlTemplate\":\"https:\/\/www.narodnilijek.com\/web\/?s={search_term_string}\"},\"query-input\":{\"@type\":\"PropertyValueSpecification\",\"valueRequired\":true,\"valueName\":\"search_term_string\"}}],\"inLanguage\":\"hr\"},{\"@type\":\"Person\",\"@id\":\"https:\/\/www.narodnilijek.com\/web\/#\/schema\/person\/0d05cba60948b364a0a3445de138b90a\",\"name\":\"Narodni Lijek\",\"image\":{\"@type\":\"ImageObject\",\"inLanguage\":\"hr\",\"@id\":\"https:\/\/www.narodnilijek.com\/web\/#\/schema\/person\/image\/\",\"url\":\"https:\/\/secure.gravatar.com\/avatar\/16745358e52f474902d32d3317f770b869a97c3ab370f70265386ad2cf3d0137?s=96&r=g\",\"contentUrl\":\"https:\/\/secure.gravatar.com\/avatar\/16745358e52f474902d32d3317f770b869a97c3ab370f70265386ad2cf3d0137?s=96&r=g\",\"caption\":\"Narodni Lijek\"},\"sameAs\":[\"http:\/\/www.narodnilijek.com\",\"https:\/\/www.facebook.com\/narodnilijek\/\",\"https:\/\/www.instagram.com\/narodnilijekcom\/\",\"https:\/\/x.com\/https:\/\/twitter.com\/narodnilijek\"]}]}<\/script>\n<!-- \/ Yoast SEO plugin. -->","yoast_head_json":{"title":"Ovalno, izdu\u017eeno, okruglo? \u0160to va\u0161e lice govori o vama","description":"Drevni Kinezi vjerovali su da je lice odraz va\u0161eg unutarnjeg duha. U srednjovjekovnoj Europi ljepota je pak smatrana sinonimom za vrline, a ru\u017eno\u0107a je bila znak zla...","robots":{"index":"index","follow":"follow","max-snippet":"max-snippet:-1","max-image-preview":"max-image-preview:large","max-video-preview":"max-video-preview:-1"},"canonical":"https:\/\/www.narodnilijek.com\/web\/ovalno-izduzeno-okruglo-sto-vase-lice-govori-o-vama\/","og_locale":"hr_HR","og_type":"article","og_title":"Ovalno, izdu\u017eeno, okruglo? \u0160to va\u0161e lice govori o vama","og_description":"Drevni Kinezi vjerovali su da je lice odraz va\u0161eg unutarnjeg duha. U srednjovjekovnoj Europi ljepota je pak smatrana sinonimom za vrline, a ru\u017eno\u0107a je bila znak zla...","og_url":"https:\/\/www.narodnilijek.com\/web\/ovalno-izduzeno-okruglo-sto-vase-lice-govori-o-vama\/","og_site_name":"Narodni Lijek","article_publisher":"https:\/\/www.facebook.com\/narodnilijek\/","article_author":"https:\/\/www.facebook.com\/narodnilijek\/","article_published_time":"2015-05-17T06:19:53+00:00","article_modified_time":"2023-12-11T20:15:18+00:00","og_image":[{"width":645,"height":415,"url":"https:\/\/www.narodnilijek.com\/web\/wp-content\/uploads\/oblik-lica.jpg","type":"image\/jpeg"}],"author":"Narodni Lijek","twitter_card":"summary_large_image","twitter_creator":"@https:\/\/twitter.com\/narodnilijek","twitter_site":"@narodnilijek","twitter_misc":{"Napisao\/la":"Narodni Lijek","Procijenjeno vrijeme \u010ditanja":"2 minute"},"schema":{"@context":"https:\/\/schema.org","@graph":[{"@type":"WebPage","@id":"https:\/\/www.narodnilijek.com\/web\/ovalno-izduzeno-okruglo-sto-vase-lice-govori-o-vama\/","url":"https:\/\/www.narodnilijek.com\/web\/ovalno-izduzeno-okruglo-sto-vase-lice-govori-o-vama\/","name":"Ovalno, izdu\u017eeno, okruglo? \u0160to va\u0161e lice govori o vama","isPartOf":{"@id":"https:\/\/www.narodnilijek.com\/web\/#website"},"primaryImageOfPage":{"@id":"https:\/\/www.narodnilijek.com\/web\/ovalno-izduzeno-okruglo-sto-vase-lice-govori-o-vama\/#primaryimage"},"image":{"@id":"https:\/\/www.narodnilijek.com\/web\/ovalno-izduzeno-okruglo-sto-vase-lice-govori-o-vama\/#primaryimage"},"thumbnailUrl":"https:\/\/i0.wp.com\/www.narodnilijek.com\/web\/wp-content\/uploads\/oblik-lica.jpg?fit=645%2C415&ssl=1","datePublished":"2015-05-17T06:19:53+00:00","dateModified":"2023-12-11T20:15:18+00:00","author":{"@id":"https:\/\/www.narodnilijek.com\/web\/#\/schema\/person\/0d05cba60948b364a0a3445de138b90a"},"description":"Drevni Kinezi vjerovali su da je lice odraz va\u0161eg unutarnjeg duha. U srednjovjekovnoj Europi ljepota je pak smatrana sinonimom za vrline, a ru\u017eno\u0107a je bila znak zla...","breadcrumb":{"@id":"https:\/\/www.narodnilijek.com\/web\/ovalno-izduzeno-okruglo-sto-vase-lice-govori-o-vama\/#breadcrumb"},"inLanguage":"hr","potentialAction":[{"@type":"ReadAction","target":["https:\/\/www.narodnilijek.com\/web\/ovalno-izduzeno-okruglo-sto-vase-lice-govori-o-vama\/"]}]},{"@type":"ImageObject","inLanguage":"hr","@id":"https:\/\/www.narodnilijek.com\/web\/ovalno-izduzeno-okruglo-sto-vase-lice-govori-o-vama\/#primaryimage","url":"https:\/\/i0.wp.com\/www.narodnilijek.com\/web\/wp-content\/uploads\/oblik-lica.jpg?fit=645%2C415&ssl=1","contentUrl":"https:\/\/i0.wp.com\/www.narodnilijek.com\/web\/wp-content\/uploads\/oblik-lica.jpg?fit=645%2C415&ssl=1","width":645,"height":415,"caption":"zna\u010denje oblika lica"},{"@type":"BreadcrumbList","@id":"https:\/\/www.narodnilijek.com\/web\/ovalno-izduzeno-okruglo-sto-vase-lice-govori-o-vama\/#breadcrumb","itemListElement":[{"@type":"ListItem","position":1,"name":"Naslovna","item":"https:\/\/www.narodnilijek.com\/web\/"},{"@type":"ListItem","position":2,"name":"Ovalno, izdu\u017eeno, okruglo? \u0160to va\u0161e lice govori o vama"}]},{"@type":"WebSite","@id":"https:\/\/www.narodnilijek.com\/web\/#website","url":"https:\/\/www.narodnilijek.com\/web\/","name":"Narodni Lijek","description":"Magazin za zdravlje i alternativnu medicinu","potentialAction":[{"@type":"SearchAction","target":{"@type":"EntryPoint","urlTemplate":"https:\/\/www.narodnilijek.com\/web\/?s={search_term_string}"},"query-input":{"@type":"PropertyValueSpecification","valueRequired":true,"valueName":"search_term_string"}}],"inLanguage":"hr"},{"@type":"Person","@id":"https:\/\/www.narodnilijek.com\/web\/#\/schema\/person\/0d05cba60948b364a0a3445de138b90a","name":"Narodni Lijek","image":{"@type":"ImageObject","inLanguage":"hr","@id":"https:\/\/www.narodnilijek.com\/web\/#\/schema\/person\/image\/","url":"https:\/\/secure.gravatar.com\/avatar\/16745358e52f474902d32d3317f770b869a97c3ab370f70265386ad2cf3d0137?s=96&r=g","contentUrl":"https:\/\/secure.gravatar.com\/avatar\/16745358e52f474902d32d3317f770b869a97c3ab370f70265386ad2cf3d0137?s=96&r=g","caption":"Narodni Lijek"},"sameAs":["http:\/\/www.narodnilijek.com","https:\/\/www.facebook.com\/narodnilijek\/","https:\/\/www.instagram.com\/narodnilijekcom\/","https:\/\/x.com\/https:\/\/twitter.com\/narodnilijek"]}]}},"jetpack_publicize_connections":[],"jetpack_featured_media_url":"https:\/\/i0.wp.com\/www.narodnilijek.com\/web\/wp-content\/uploads\/oblik-lica.jpg?fit=645%2C415&ssl=1","jetpack_shortlink":"https:\/\/wp.me\/p56gMi-4xz","jetpack_sharing_enabled":true,"jetpack-related-posts":[],"_links":{"self":[{"href":"https:\/\/www.narodnilijek.com\/web\/wp-json\/wp\/v2\/posts\/17457","targetHints":{"allow":["GET"]}}],"collection":[{"href":"https:\/\/www.narodnilijek.com\/web\/wp-json\/wp\/v2\/posts"}],"about":[{"href":"https:\/\/www.narodnilijek.com\/web\/wp-json\/wp\/v2\/types\/post"}],"author":[{"embeddable":true,"href":"https:\/\/www.narodnilijek.com\/web\/wp-json\/wp\/v2\/users\/1"}],"replies":[{"embeddable":true,"href":"https:\/\/www.narodnilijek.com\/web\/wp-json\/wp\/v2\/comments?post=17457"}],"version-history":[{"count":3,"href":"https:\/\/www.narodnilijek.com\/web\/wp-json\/wp\/v2\/posts\/17457\/revisions"}],"predecessor-version":[{"id":49936,"href":"https:\/\/www.narodnilijek.com\/web\/wp-json\/wp\/v2\/posts\/17457\/revisions\/49936"}],"wp:featuredmedia":[{"embeddable":true,"href":"https:\/\/www.narodnilijek.com\/web\/wp-json\/wp\/v2\/media\/17458"}],"wp:attachment":[{"href":"https:\/\/www.narodnilijek.com\/web\/wp-json\/wp\/v2\/media?parent=17457"}],"wp:term":[{"taxonomy":"category","embeddable":true,"href":"https:\/\/www.narodnilijek.com\/web\/wp-json\/wp\/v2\/categories?post=17457"},{"taxonomy":"post_tag","embeddable":true,"href":"https:\/\/www.narodnilijek.com\/web\/wp-json\/wp\/v2\/tags?post=17457"}],"curies":[{"name":"wp","href":"https:\/\/api.w.org\/{rel}","templated":true}]}}