{"id":20006,"date":"2016-06-17T10:30:05","date_gmt":"2016-06-17T09:30:05","guid":{"rendered":"http:\/\/narodnilijek.com\/web\/?p=20006"},"modified":"2016-06-17T06:44:25","modified_gmt":"2016-06-17T05:44:25","slug":"prava-istina-o-zastiti-od-sunca-bijela-odjeca-vam-jos-vise-steti","status":"publish","type":"post","link":"https:\/\/www.narodnilijek.com\/web\/prava-istina-o-zastiti-od-sunca-bijela-odjeca-vam-jos-vise-steti\/","title":{"rendered":"Prava istina o za\u0161titi od sunca: Bijela odje\u0107a vam jo\u0161 vi\u0161e \u0161teti"},"content":{"rendered":"<p><img data-recalc-dims=\"1\" loading=\"lazy\" decoding=\"async\" class=\"aligncenter wp-image-20007\" src=\"https:\/\/i0.wp.com\/narodnilijek.com\/web\/wp-content\/uploads\/suncanje.jpeg?resize=645%2C363\" alt=\"na suncu\" width=\"645\" height=\"363\" srcset=\"https:\/\/i0.wp.com\/www.narodnilijek.com\/web\/wp-content\/uploads\/suncanje.jpeg?w=943&amp;ssl=1 943w, https:\/\/i0.wp.com\/www.narodnilijek.com\/web\/wp-content\/uploads\/suncanje.jpeg?resize=300%2C169&amp;ssl=1 300w, https:\/\/i0.wp.com\/www.narodnilijek.com\/web\/wp-content\/uploads\/suncanje.jpeg?resize=768%2C432&amp;ssl=1 768w, https:\/\/i0.wp.com\/www.narodnilijek.com\/web\/wp-content\/uploads\/suncanje.jpeg?resize=696%2C392&amp;ssl=1 696w, https:\/\/i0.wp.com\/www.narodnilijek.com\/web\/wp-content\/uploads\/suncanje.jpeg?resize=746%2C420&amp;ssl=1 746w, https:\/\/i0.wp.com\/www.narodnilijek.com\/web\/wp-content\/uploads\/suncanje.jpeg?resize=900%2C507&amp;ssl=1 900w\" sizes=\"auto, (max-width: 645px) 100vw, 645px\" \/>Svijetla odje\u0107a ljeti propu\u0161ta najvi\u0161e UV zraka pa tako one dopiru do va\u0161e ko\u017ee i \u0161tete vam. Kod sun\u010danih nao\u010dala je najbitnije da imaju 99-100 posto za\u0161titu od UV zra\u010denja<\/p>\n<h3>Bijela boja vas jo\u0161 vi\u0161e izla\u017ee suncu<\/h3>\n<p>Tamnije i jarke boje odje\u0107e upijaju vi\u0161e UV zraka od svjetlijih nijansi. Tako\u0111er, \u010dvr\u0161\u0107e tkanine poput platna i trapera vi\u0161e \u0107e vas za\u0161tititi od prozirnih i lagano tkanih materijala, preporu\u010duje Zaklada za za\u0161titu od raka ko\u017ee. Bijela odje\u0107a koju svi nosimo preko ljeta jer mislimo da manje privla\u010di sunce potpuno je kriv izbor, isti\u010du stru\u010dnjaci.<\/p>\n<p>Stvar je u faktoru za\u0161tite od ultraljubi\u010dastih zraka (UPF ultra protection factor). SPF faktor (sun protection factor) mjeri vrijeme koje je potrebno da ko\u017ea izlo\u017eena suncu pocrveni. Tako bijela t-shirt majica ima UPF faktor 7, dok zelena ima 10. U usporedbi s tim, denim ko\u0161ulja dugih rukava u tamnijoj boji ima UPF 1700. Ona gotovo u potpunosti blokira sunce. Tamnije i deblje pamu\u010dne majice kratkih rukava imaju UPF 50.<\/p>\n<p>Pravilo koje vam najvi\u0161e mo\u017ee pomo\u0107i u odre\u0111ivanju koliko vas va\u0161a odje\u0107a \u0161titi od sunca je da je okrenete prema suncu i pogledate kroz nju. Ako svjetlost prolazi kroz nju, zna\u010di da i UV zrake prolaze, pa tako i kroz va\u0161u ko\u017eu.<\/p>\n<p>Preporu\u010duje se nositi \u0161iru udobnu odje\u0107u umjesto uske robe. Sve se \u010de\u0161\u0107e mo\u017ee na\u0107i i odje\u0107a koja ima ekstra za\u0161titu s odre\u0111enim SPF faktorom.<\/p>\n<h3>\u0160e\u0161iri su neophodni<\/h3>\n<p>\u0160e\u0161iri i kape su jako bitni prilikom za\u0161tite. Ve\u0107ina karcinoma bazalnih stanica ko\u017ee, 90% njih, javljaju se na glavi ili na vratu. Za\u0161titite se sa \u0161e\u0161irima sa \u0161irokim obodom koji \u0107e vam pokriti i vrat i dio ramena te gornji dio le\u0111a.<\/p>\n<h3>\u0160to sa sun\u010danim nao\u010dalama?<\/h3>\n<p>Povr\u0161ine na pla\u017ei reflektiraju UV zraka pa se ko\u017ea i o\u010di izla\u017eu njima dvaput. Pijesak reflektira 15 posto UV zraka, voda 10 posto, a morska pjena oko 25 posto. Polarizirane le\u0107e na sun\u010danim nao\u010dalama smanjuju odsjaj, ali UV za\u0161tita je najva\u017enija pri izboru nao\u010dala &#8211; birajte one koji imaju filtere 99-100 posto.<\/p>\n<h3>Kada su kreme za sun\u010danje u\u010dinkovite?<\/h3>\n<p>Kreme za sun\u010danje u\u010dinkovite su samo ako ih nanosite u debelom sloju na ko\u017eu. Neka vam vodi\u010d budu 2 pune \u017elice za cijelo tijelo, a veli\u010dina kovanice za lice. Nanesite kremu prije izlaska na sunce i ponavljajte mazanje svaka dva sata, odmah nakon kupanja, su\u0161enja ru\u010dnikom ili jakog znojenja.<\/p>\n<p>Koristite kreme s UVA I UVB za\u0161titom te faktor od 15 navi\u0161e. Kreme otporne na vodu djeluju oko 40 minuta ako ste u\u0161li u vodu. One kreme na kojima pi\u0161e &#8221; vrlo otporne na vodu&#8221; traju 80 minuta.<\/p>\n","protected":false},"excerpt":{"rendered":"<p>Svijetla odje\u0107a ljeti propu\u0161ta najvi\u0161e UV zraka pa tako one dopiru do va\u0161e ko\u017ee i \u0161tete vam. Kod sun\u010danih nao\u010dala je najbitnije da imaju 99-100 posto za\u0161titu od UV zra\u010denja Bijela boja vas jo\u0161 vi\u0161e izla\u017ee suncu Tamnije i jarke boje odje\u0107e upijaju vi\u0161e UV zraka od svjetlijih nijansi. Tako\u0111er, \u010dvr\u0161\u0107e tkanine poput platna i [&hellip;]<\/p>\n","protected":false},"author":1,"featured_media":20007,"comment_status":"open","ping_status":"open","sticky":false,"template":"","format":"standard","meta":{"jetpack_post_was_ever_published":false,"_jetpack_newsletter_access":"","_jetpack_dont_email_post_to_subs":false,"_jetpack_newsletter_tier_id":0,"_jetpack_memberships_contains_paywalled_content":false,"_jetpack_memberships_contains_paid_content":false,"footnotes":"","jetpack_publicize_message":"","jetpack_publicize_feature_enabled":true,"jetpack_social_post_already_shared":false,"jetpack_social_options":{"image_generator_settings":{"template":"highway","default_image_id":0,"enabled":false},"version":2}},"categories":[1752],"tags":[6131,827,6132,874,6133,6134],"class_list":{"0":"post-20006","1":"post","2":"type-post","3":"status-publish","4":"format-standard","5":"has-post-thumbnail","7":"category-ljepota","8":"tag-na-suncu","9":"tag-suncanje","10":"tag-ucinkovitije-suncanje","11":"tag-uv-zracenje","12":"tag-uva","13":"tag-uvb"},"yoast_head":"<!-- This site is optimized with the Yoast SEO plugin v25.3.1 - https:\/\/yoast.com\/wordpress\/plugins\/seo\/ -->\n<title>Prava istina o za\u0161titi od sunca: Bijela odje\u0107a vam jo\u0161 vi\u0161e \u0161teti<\/title>\n<meta name=\"description\" content=\"Svijetla odje\u0107a ljeti propu\u0161ta najvi\u0161e UV zraka pa tako one dopiru do va\u0161e ko\u017ee i \u0161tete vam. Kod sun\u010danih nao\u010dala je najbitnije da imaju 99-100 posto za\u0161titu od UV zra\u010denja...\" \/>\n<meta name=\"robots\" content=\"index, follow, max-snippet:-1, max-image-preview:large, max-video-preview:-1\" \/>\n<link rel=\"canonical\" href=\"https:\/\/www.narodnilijek.com\/web\/prava-istina-o-zastiti-od-sunca-bijela-odjeca-vam-jos-vise-steti\/\" \/>\n<meta property=\"og:locale\" content=\"hr_HR\" \/>\n<meta property=\"og:type\" content=\"article\" \/>\n<meta property=\"og:title\" content=\"Prava istina o za\u0161titi od sunca: Bijela odje\u0107a vam jo\u0161 vi\u0161e \u0161teti\" \/>\n<meta property=\"og:description\" content=\"Svijetla odje\u0107a ljeti propu\u0161ta najvi\u0161e UV zraka pa tako one dopiru do va\u0161e ko\u017ee i \u0161tete vam. Kod sun\u010danih nao\u010dala je najbitnije da imaju 99-100 posto za\u0161titu od UV zra\u010denja...\" \/>\n<meta property=\"og:url\" content=\"https:\/\/www.narodnilijek.com\/web\/prava-istina-o-zastiti-od-sunca-bijela-odjeca-vam-jos-vise-steti\/\" \/>\n<meta property=\"og:site_name\" content=\"Narodni Lijek\" \/>\n<meta property=\"article:publisher\" content=\"https:\/\/www.facebook.com\/narodnilijek\/\" \/>\n<meta property=\"article:author\" content=\"https:\/\/www.facebook.com\/narodnilijek\/\" \/>\n<meta property=\"article:published_time\" content=\"2016-06-17T09:30:05+00:00\" \/>\n<meta property=\"og:image\" content=\"https:\/\/www.narodnilijek.com\/web\/wp-content\/uploads\/suncanje.jpeg\" \/>\n\t<meta property=\"og:image:width\" content=\"943\" \/>\n\t<meta property=\"og:image:height\" content=\"531\" \/>\n\t<meta property=\"og:image:type\" content=\"image\/jpeg\" \/>\n<meta name=\"author\" content=\"Narodni Lijek\" \/>\n<meta name=\"twitter:card\" content=\"summary_large_image\" \/>\n<meta name=\"twitter:creator\" content=\"@https:\/\/twitter.com\/narodnilijek\" \/>\n<meta name=\"twitter:site\" content=\"@narodnilijek\" \/>\n<meta name=\"twitter:label1\" content=\"Napisao\/la\" \/>\n\t<meta name=\"twitter:data1\" content=\"Narodni Lijek\" \/>\n\t<meta name=\"twitter:label2\" content=\"Procijenjeno vrijeme \u010ditanja\" \/>\n\t<meta name=\"twitter:data2\" content=\"2 minute\" \/>\n<script type=\"application\/ld+json\" class=\"yoast-schema-graph\">{\"@context\":\"https:\/\/schema.org\",\"@graph\":[{\"@type\":\"WebPage\",\"@id\":\"https:\/\/www.narodnilijek.com\/web\/prava-istina-o-zastiti-od-sunca-bijela-odjeca-vam-jos-vise-steti\/\",\"url\":\"https:\/\/www.narodnilijek.com\/web\/prava-istina-o-zastiti-od-sunca-bijela-odjeca-vam-jos-vise-steti\/\",\"name\":\"Prava istina o za\u0161titi od sunca: Bijela odje\u0107a vam jo\u0161 vi\u0161e \u0161teti\",\"isPartOf\":{\"@id\":\"https:\/\/www.narodnilijek.com\/web\/#website\"},\"primaryImageOfPage\":{\"@id\":\"https:\/\/www.narodnilijek.com\/web\/prava-istina-o-zastiti-od-sunca-bijela-odjeca-vam-jos-vise-steti\/#primaryimage\"},\"image\":{\"@id\":\"https:\/\/www.narodnilijek.com\/web\/prava-istina-o-zastiti-od-sunca-bijela-odjeca-vam-jos-vise-steti\/#primaryimage\"},\"thumbnailUrl\":\"https:\/\/i0.wp.com\/www.narodnilijek.com\/web\/wp-content\/uploads\/suncanje.jpeg?fit=943%2C531&ssl=1\",\"datePublished\":\"2016-06-17T09:30:05+00:00\",\"author\":{\"@id\":\"https:\/\/www.narodnilijek.com\/web\/#\/schema\/person\/0d05cba60948b364a0a3445de138b90a\"},\"description\":\"Svijetla odje\u0107a ljeti propu\u0161ta najvi\u0161e UV zraka pa tako one dopiru do va\u0161e ko\u017ee i \u0161tete vam. Kod sun\u010danih nao\u010dala je najbitnije da imaju 99-100 posto za\u0161titu od UV zra\u010denja...\",\"breadcrumb\":{\"@id\":\"https:\/\/www.narodnilijek.com\/web\/prava-istina-o-zastiti-od-sunca-bijela-odjeca-vam-jos-vise-steti\/#breadcrumb\"},\"inLanguage\":\"hr\",\"potentialAction\":[{\"@type\":\"ReadAction\",\"target\":[\"https:\/\/www.narodnilijek.com\/web\/prava-istina-o-zastiti-od-sunca-bijela-odjeca-vam-jos-vise-steti\/\"]}]},{\"@type\":\"ImageObject\",\"inLanguage\":\"hr\",\"@id\":\"https:\/\/www.narodnilijek.com\/web\/prava-istina-o-zastiti-od-sunca-bijela-odjeca-vam-jos-vise-steti\/#primaryimage\",\"url\":\"https:\/\/i0.wp.com\/www.narodnilijek.com\/web\/wp-content\/uploads\/suncanje.jpeg?fit=943%2C531&ssl=1\",\"contentUrl\":\"https:\/\/i0.wp.com\/www.narodnilijek.com\/web\/wp-content\/uploads\/suncanje.jpeg?fit=943%2C531&ssl=1\",\"width\":943,\"height\":531,\"caption\":\"na suncu\"},{\"@type\":\"BreadcrumbList\",\"@id\":\"https:\/\/www.narodnilijek.com\/web\/prava-istina-o-zastiti-od-sunca-bijela-odjeca-vam-jos-vise-steti\/#breadcrumb\",\"itemListElement\":[{\"@type\":\"ListItem\",\"position\":1,\"name\":\"Naslovna\",\"item\":\"https:\/\/www.narodnilijek.com\/web\/\"},{\"@type\":\"ListItem\",\"position\":2,\"name\":\"Prava istina o za\u0161titi od sunca: Bijela odje\u0107a vam jo\u0161 vi\u0161e \u0161teti\"}]},{\"@type\":\"WebSite\",\"@id\":\"https:\/\/www.narodnilijek.com\/web\/#website\",\"url\":\"https:\/\/www.narodnilijek.com\/web\/\",\"name\":\"Narodni Lijek\",\"description\":\"Magazin za zdravlje i alternativnu medicinu\",\"potentialAction\":[{\"@type\":\"SearchAction\",\"target\":{\"@type\":\"EntryPoint\",\"urlTemplate\":\"https:\/\/www.narodnilijek.com\/web\/?s={search_term_string}\"},\"query-input\":{\"@type\":\"PropertyValueSpecification\",\"valueRequired\":true,\"valueName\":\"search_term_string\"}}],\"inLanguage\":\"hr\"},{\"@type\":\"Person\",\"@id\":\"https:\/\/www.narodnilijek.com\/web\/#\/schema\/person\/0d05cba60948b364a0a3445de138b90a\",\"name\":\"Narodni Lijek\",\"image\":{\"@type\":\"ImageObject\",\"inLanguage\":\"hr\",\"@id\":\"https:\/\/www.narodnilijek.com\/web\/#\/schema\/person\/image\/\",\"url\":\"https:\/\/secure.gravatar.com\/avatar\/16745358e52f474902d32d3317f770b869a97c3ab370f70265386ad2cf3d0137?s=96&r=g\",\"contentUrl\":\"https:\/\/secure.gravatar.com\/avatar\/16745358e52f474902d32d3317f770b869a97c3ab370f70265386ad2cf3d0137?s=96&r=g\",\"caption\":\"Narodni Lijek\"},\"sameAs\":[\"http:\/\/www.narodnilijek.com\",\"https:\/\/www.facebook.com\/narodnilijek\/\",\"https:\/\/www.instagram.com\/narodnilijekcom\/\",\"https:\/\/x.com\/https:\/\/twitter.com\/narodnilijek\"]}]}<\/script>\n<!-- \/ Yoast SEO plugin. -->","yoast_head_json":{"title":"Prava istina o za\u0161titi od sunca: Bijela odje\u0107a vam jo\u0161 vi\u0161e \u0161teti","description":"Svijetla odje\u0107a ljeti propu\u0161ta najvi\u0161e UV zraka pa tako one dopiru do va\u0161e ko\u017ee i \u0161tete vam. Kod sun\u010danih nao\u010dala je najbitnije da imaju 99-100 posto za\u0161titu od UV zra\u010denja...","robots":{"index":"index","follow":"follow","max-snippet":"max-snippet:-1","max-image-preview":"max-image-preview:large","max-video-preview":"max-video-preview:-1"},"canonical":"https:\/\/www.narodnilijek.com\/web\/prava-istina-o-zastiti-od-sunca-bijela-odjeca-vam-jos-vise-steti\/","og_locale":"hr_HR","og_type":"article","og_title":"Prava istina o za\u0161titi od sunca: Bijela odje\u0107a vam jo\u0161 vi\u0161e \u0161teti","og_description":"Svijetla odje\u0107a ljeti propu\u0161ta najvi\u0161e UV zraka pa tako one dopiru do va\u0161e ko\u017ee i \u0161tete vam. Kod sun\u010danih nao\u010dala je najbitnije da imaju 99-100 posto za\u0161titu od UV zra\u010denja...","og_url":"https:\/\/www.narodnilijek.com\/web\/prava-istina-o-zastiti-od-sunca-bijela-odjeca-vam-jos-vise-steti\/","og_site_name":"Narodni Lijek","article_publisher":"https:\/\/www.facebook.com\/narodnilijek\/","article_author":"https:\/\/www.facebook.com\/narodnilijek\/","article_published_time":"2016-06-17T09:30:05+00:00","og_image":[{"width":943,"height":531,"url":"https:\/\/www.narodnilijek.com\/web\/wp-content\/uploads\/suncanje.jpeg","type":"image\/jpeg"}],"author":"Narodni Lijek","twitter_card":"summary_large_image","twitter_creator":"@https:\/\/twitter.com\/narodnilijek","twitter_site":"@narodnilijek","twitter_misc":{"Napisao\/la":"Narodni Lijek","Procijenjeno vrijeme \u010ditanja":"2 minute"},"schema":{"@context":"https:\/\/schema.org","@graph":[{"@type":"WebPage","@id":"https:\/\/www.narodnilijek.com\/web\/prava-istina-o-zastiti-od-sunca-bijela-odjeca-vam-jos-vise-steti\/","url":"https:\/\/www.narodnilijek.com\/web\/prava-istina-o-zastiti-od-sunca-bijela-odjeca-vam-jos-vise-steti\/","name":"Prava istina o za\u0161titi od sunca: Bijela odje\u0107a vam jo\u0161 vi\u0161e \u0161teti","isPartOf":{"@id":"https:\/\/www.narodnilijek.com\/web\/#website"},"primaryImageOfPage":{"@id":"https:\/\/www.narodnilijek.com\/web\/prava-istina-o-zastiti-od-sunca-bijela-odjeca-vam-jos-vise-steti\/#primaryimage"},"image":{"@id":"https:\/\/www.narodnilijek.com\/web\/prava-istina-o-zastiti-od-sunca-bijela-odjeca-vam-jos-vise-steti\/#primaryimage"},"thumbnailUrl":"https:\/\/i0.wp.com\/www.narodnilijek.com\/web\/wp-content\/uploads\/suncanje.jpeg?fit=943%2C531&ssl=1","datePublished":"2016-06-17T09:30:05+00:00","author":{"@id":"https:\/\/www.narodnilijek.com\/web\/#\/schema\/person\/0d05cba60948b364a0a3445de138b90a"},"description":"Svijetla odje\u0107a ljeti propu\u0161ta najvi\u0161e UV zraka pa tako one dopiru do va\u0161e ko\u017ee i \u0161tete vam. Kod sun\u010danih nao\u010dala je najbitnije da imaju 99-100 posto za\u0161titu od UV zra\u010denja...","breadcrumb":{"@id":"https:\/\/www.narodnilijek.com\/web\/prava-istina-o-zastiti-od-sunca-bijela-odjeca-vam-jos-vise-steti\/#breadcrumb"},"inLanguage":"hr","potentialAction":[{"@type":"ReadAction","target":["https:\/\/www.narodnilijek.com\/web\/prava-istina-o-zastiti-od-sunca-bijela-odjeca-vam-jos-vise-steti\/"]}]},{"@type":"ImageObject","inLanguage":"hr","@id":"https:\/\/www.narodnilijek.com\/web\/prava-istina-o-zastiti-od-sunca-bijela-odjeca-vam-jos-vise-steti\/#primaryimage","url":"https:\/\/i0.wp.com\/www.narodnilijek.com\/web\/wp-content\/uploads\/suncanje.jpeg?fit=943%2C531&ssl=1","contentUrl":"https:\/\/i0.wp.com\/www.narodnilijek.com\/web\/wp-content\/uploads\/suncanje.jpeg?fit=943%2C531&ssl=1","width":943,"height":531,"caption":"na suncu"},{"@type":"BreadcrumbList","@id":"https:\/\/www.narodnilijek.com\/web\/prava-istina-o-zastiti-od-sunca-bijela-odjeca-vam-jos-vise-steti\/#breadcrumb","itemListElement":[{"@type":"ListItem","position":1,"name":"Naslovna","item":"https:\/\/www.narodnilijek.com\/web\/"},{"@type":"ListItem","position":2,"name":"Prava istina o za\u0161titi od sunca: Bijela odje\u0107a vam jo\u0161 vi\u0161e \u0161teti"}]},{"@type":"WebSite","@id":"https:\/\/www.narodnilijek.com\/web\/#website","url":"https:\/\/www.narodnilijek.com\/web\/","name":"Narodni Lijek","description":"Magazin za zdravlje i alternativnu medicinu","potentialAction":[{"@type":"SearchAction","target":{"@type":"EntryPoint","urlTemplate":"https:\/\/www.narodnilijek.com\/web\/?s={search_term_string}"},"query-input":{"@type":"PropertyValueSpecification","valueRequired":true,"valueName":"search_term_string"}}],"inLanguage":"hr"},{"@type":"Person","@id":"https:\/\/www.narodnilijek.com\/web\/#\/schema\/person\/0d05cba60948b364a0a3445de138b90a","name":"Narodni Lijek","image":{"@type":"ImageObject","inLanguage":"hr","@id":"https:\/\/www.narodnilijek.com\/web\/#\/schema\/person\/image\/","url":"https:\/\/secure.gravatar.com\/avatar\/16745358e52f474902d32d3317f770b869a97c3ab370f70265386ad2cf3d0137?s=96&r=g","contentUrl":"https:\/\/secure.gravatar.com\/avatar\/16745358e52f474902d32d3317f770b869a97c3ab370f70265386ad2cf3d0137?s=96&r=g","caption":"Narodni Lijek"},"sameAs":["http:\/\/www.narodnilijek.com","https:\/\/www.facebook.com\/narodnilijek\/","https:\/\/www.instagram.com\/narodnilijekcom\/","https:\/\/x.com\/https:\/\/twitter.com\/narodnilijek"]}]}},"jetpack_publicize_connections":[],"jetpack_featured_media_url":"https:\/\/i0.wp.com\/www.narodnilijek.com\/web\/wp-content\/uploads\/suncanje.jpeg?fit=943%2C531&ssl=1","jetpack_shortlink":"https:\/\/wp.me\/p56gMi-5cG","jetpack_sharing_enabled":true,"jetpack-related-posts":[],"_links":{"self":[{"href":"https:\/\/www.narodnilijek.com\/web\/wp-json\/wp\/v2\/posts\/20006","targetHints":{"allow":["GET"]}}],"collection":[{"href":"https:\/\/www.narodnilijek.com\/web\/wp-json\/wp\/v2\/posts"}],"about":[{"href":"https:\/\/www.narodnilijek.com\/web\/wp-json\/wp\/v2\/types\/post"}],"author":[{"embeddable":true,"href":"https:\/\/www.narodnilijek.com\/web\/wp-json\/wp\/v2\/users\/1"}],"replies":[{"embeddable":true,"href":"https:\/\/www.narodnilijek.com\/web\/wp-json\/wp\/v2\/comments?post=20006"}],"version-history":[{"count":1,"href":"https:\/\/www.narodnilijek.com\/web\/wp-json\/wp\/v2\/posts\/20006\/revisions"}],"predecessor-version":[{"id":20008,"href":"https:\/\/www.narodnilijek.com\/web\/wp-json\/wp\/v2\/posts\/20006\/revisions\/20008"}],"wp:featuredmedia":[{"embeddable":true,"href":"https:\/\/www.narodnilijek.com\/web\/wp-json\/wp\/v2\/media\/20007"}],"wp:attachment":[{"href":"https:\/\/www.narodnilijek.com\/web\/wp-json\/wp\/v2\/media?parent=20006"}],"wp:term":[{"taxonomy":"category","embeddable":true,"href":"https:\/\/www.narodnilijek.com\/web\/wp-json\/wp\/v2\/categories?post=20006"},{"taxonomy":"post_tag","embeddable":true,"href":"https:\/\/www.narodnilijek.com\/web\/wp-json\/wp\/v2\/tags?post=20006"}],"curies":[{"name":"wp","href":"https:\/\/api.w.org\/{rel}","templated":true}]}}