{"id":51962,"date":"2025-06-05T07:51:22","date_gmt":"2025-06-05T06:51:22","guid":{"rendered":"https:\/\/www.narodnilijek.com\/web\/?p=51962"},"modified":"2025-06-05T08:38:26","modified_gmt":"2025-06-05T07:38:26","slug":"gel-od-aloe-vere-za-lice","status":"publish","type":"post","link":"https:\/\/www.narodnilijek.com\/web\/gel-od-aloe-vere-za-lice\/","title":{"rendered":"Gel od aloe vere za lice: kako ga napraviti i koristiti za prirodno lijepu i zdravu ko\u017eu"},"content":{"rendered":"\n<p>Gel od aloe vere postao je nezaobilazan dio rutine za lice i kosu \u0161irom svijeta. Zahvaljuju\u0107i bogatom sastavu &#8211; vitaminima, mineralima i antioksidansima &#8211; ovaj prirodni gel pru\u017ea hidrataciju, umiruje ko\u017eu i poma\u017ee u borbi protiv raznih nepravilnosti. Osim \u0161to je u\u010dinkovit, vrlo ga je jednostavno napraviti kod ku\u0107e, a kori\u0161tenjem svje\u017ee biljke osiguravate maksimalnu kvalitetu i \u010disto\u0107u proizvoda.<\/p>\n\n\n\n<h2 class=\"wp-block-heading\">Gel od aloe vere za lice &#8211; recept<\/h2>\n\n\n\n<p>Za doma\u0107i gel od aloe vere za lice potrebno vam je svega nekoliko sastojaka:<\/p>\n\n\n\n<p>Sastojci:<\/p>\n\n\n\n<ul class=\"wp-block-list\">\n<li>1-2 debela lista svje\u017ee aloe vere<\/li>\n\n\n\n<li>par kapi vitamina E za dodatnu njegu i du\u017eu trajnost<\/li>\n<\/ul>\n\n\n\n<figure class=\"wp-block-image size-large\"><img data-recalc-dims=\"1\" loading=\"lazy\" decoding=\"async\" width=\"696\" height=\"435\" src=\"https:\/\/i0.wp.com\/www.narodnilijek.com\/web\/wp-content\/uploads\/aloe-vera-1.jpg?resize=696%2C435&#038;ssl=1\" alt=\"\" class=\"wp-image-51964\" srcset=\"https:\/\/i0.wp.com\/www.narodnilijek.com\/web\/wp-content\/uploads\/aloe-vera-1.jpg?resize=1024%2C640&amp;ssl=1 1024w, https:\/\/i0.wp.com\/www.narodnilijek.com\/web\/wp-content\/uploads\/aloe-vera-1.jpg?resize=300%2C188&amp;ssl=1 300w, https:\/\/i0.wp.com\/www.narodnilijek.com\/web\/wp-content\/uploads\/aloe-vera-1.jpg?resize=768%2C480&amp;ssl=1 768w, https:\/\/i0.wp.com\/www.narodnilijek.com\/web\/wp-content\/uploads\/aloe-vera-1.jpg?resize=672%2C420&amp;ssl=1 672w, https:\/\/i0.wp.com\/www.narodnilijek.com\/web\/wp-content\/uploads\/aloe-vera-1.jpg?resize=696%2C435&amp;ssl=1 696w, https:\/\/i0.wp.com\/www.narodnilijek.com\/web\/wp-content\/uploads\/aloe-vera-1.jpg?resize=1068%2C668&amp;ssl=1 1068w, https:\/\/i0.wp.com\/www.narodnilijek.com\/web\/wp-content\/uploads\/aloe-vera-1.jpg?w=1200&amp;ssl=1 1200w\" sizes=\"auto, (max-width: 696px) 100vw, 696px\" \/><\/figure>\n\n\n\n<p>Priprema:<\/p>\n\n\n\n<p>1\ufe0f\u20e3 Operite listove aloe vere i pa\u017eljivo odstranite bo\u010dne bodljikave dijelove<br>2\ufe0f\u20e3 Prepolovite list po du\u017eini i ka\u0161ikom izdubite providni gel<br>3\ufe0f\u20e3 Gel stavite u blender i blendajte nekoliko sekundi da dobijete glatku teksturu<br>4\ufe0f\u20e3 Dodajte nekoliko kapi vitamina E i jo\u0161 jednom kratko izmiksajte<br>5\ufe0f\u20e3 Prebacite gel u \u010distu staklenu posudu sa poklopcem i \u010duvajte u fri\u017eideru do 7 dana<\/p>\n\n\n\n<p><strong>Savjet plus<\/strong>: Za jo\u0161 bogatiju i hranljiviju verziju, u gel od aloe vere za lice mo\u017eete dodati nekoliko kapi maslinovog ulja. Maslinovo ulje je prirodni izvor zdravih masnih kiselina i vitamina E, koji dodatno hrane i omek\u0161avaju ko\u017eu. Dovoljno je da u 2-3 ka\u0161ike gela umije\u0161ate 2-3 kapi maslinovog ulja. Ova kombinacija je idealna za suhu i dehidriranu ko\u017eu, a najbolje ju je koristiti u ve\u010dernjoj rutini njege. Ako imate masnu ili aknama sklonu ko\u017eu, preporu\u010duje se kori\u0161tenje lak\u0161ih ulja poput ulja jojobe.<\/p>\n\n\n\n<h3 class=\"wp-block-heading\">Kako koristiti gel od aloe vere za lice?<\/h3>\n\n\n\n<p>Primjena gela od aloe vere za lice je vrlo jednostavna i prilagodljiva va\u0161im potrebama:<\/p>\n\n\n\n<p>\u2705 Hidratantna njega: Svakodnevno nanesite tanki sloj na \u010disto lice kao dnevnu ili no\u0107nu hidratantnu kremu.<\/p>\n\n\n\n<p>\u2705 Umirivanje ko\u017ee: Nakon sun\u010danja, depilacije ili brijanja gel pru\u017ea trenutno olak\u0161anje i smanjuje crvenilo.<\/p>\n\n\n\n<p>\u2705 Tretman protiv akni: Nanesite gel direktno na problemati\u010dne dijelove ko\u017ee \u2014 njegovo antibakterijsko i protuupalno djelovanje mo\u017ee pomo\u0107i u smirivanju upalnih procesa.<\/p>\n\n\n\n<p>\u2705 Maska za lice: Pomije\u0161ajte gel sa medom ili nekoliko kapi eteri\u010dnog ulja lavande za dodatno njeguju\u0107i tretman.<\/p>\n\n\n\n<p>Redovna upotreba gela od aloe vere pobolj\u0161ava elasti\u010dnost ko\u017ee, ujedna\u010dava ten i pru\u017ea prirodan sjaj. Prirodni je saveznik u borbi protiv sitnih bora i umornog izgleda ko\u017ee. Zahvaljuju\u0107i svojoj laganoj i brzo upijaju\u0107oj teksturi, odgovara svim tipovima ko\u017ee, \u010dak i osjetljivoj.<\/p>\n\n\n\n<p>Isprobajte ovaj jednostavan recept i pru\u017eite svojoj ko\u017ei ono \u0161to joj prirodno treba! \ud83c\udf3f\u2728<\/p>\n\n\n\n<p>\ud83d\udc49 Gel od aloe vere za lice posebno se preporu\u010duje \u017eenama koje se bore sa suhom ko\u017eom, jer pru\u017ea dubinsku hidrataciju i obnavlja ko\u017enu barijeru. Ako vas zanima vi\u0161e savjeta pro\u010ditajte na na\u0161em linku kako njegovati <a href=\"https:\/\/www.narodnilijek.com\/web\/suha-koza\/\"><strong>suhu ko\u017eu<\/strong><\/a>. <\/p>\n\n\n\n<h3 class=\"wp-block-heading\">Aloe vera za kosu: prirodna njega za ja\u010du i sjajniju kosu<\/h3>\n\n\n\n<p>Osim \u0161to njeguje ko\u017eu lica, <a href=\"https:\/\/hr.wikipedia.org\/wiki\/Aloja\"><strong>Aloe vera<\/strong><\/a> je pravi prirodni eliksir za kosu. Gel bogat vitaminima A, C, E i enzimima poma\u017ee u ja\u010danju korijena, smanjuje perut i podsti\u010de rast kose. Mo\u017eete ga koristiti kao masku prije pranja &#8211; jednostavno nanesite svje\u017ei gel direktno na tjeme i du\u017e vlasi, ostavite da djeluje 20-30 minuta, a zatim isperite blagim \u0161amponom. Redovnom primjenom, kosa postaje mek\u0161a, sjajnija i otpornija na lomljenje. Ako \u017eelite dodatno nahraniti kosu, gel mo\u017eete pomije\u0161ati s nekoliko kapi kokosovog ili ricinusovog ulja.<\/p>\n\n\n\n<p>Aloe vera za kosu je jednostavan i prirodan na\u010din da vratite kosi zdravi sjaj. Ako \u017eelite jo\u0161 ideja posjetite na\u0161 \u010dlanak <a href=\"https:\/\/www.narodnilijek.com\/web\/kako-da-kosa-bude-sjajna\/\"><strong>kako da kosa bude sjajna<\/strong><\/a>&#8230;<\/p>\n","protected":false},"excerpt":{"rendered":"<p>Gel od aloe vere postao je nezaobilazan dio rutine za lice i kosu \u0161irom svijeta. Zahvaljuju\u0107i bogatom sastavu &#8211; vitaminima, mineralima i antioksidansima &#8211; ovaj prirodni gel pru\u017ea hidrataciju, umiruje ko\u017eu i poma\u017ee u borbi protiv raznih nepravilnosti. Osim \u0161to je u\u010dinkovit, vrlo ga je jednostavno napraviti kod ku\u0107e, a kori\u0161tenjem svje\u017ee biljke osiguravate maksimalnu [&hellip;]<\/p>\n","protected":false},"author":1,"featured_media":51963,"comment_status":"closed","ping_status":"closed","sticky":false,"template":"","format":"standard","meta":{"jetpack_post_was_ever_published":false,"_jetpack_newsletter_access":"","_jetpack_dont_email_post_to_subs":false,"_jetpack_newsletter_tier_id":0,"_jetpack_memberships_contains_paywalled_content":false,"_jetpack_memberships_contains_paid_content":false,"footnotes":"","jetpack_publicize_message":"","jetpack_publicize_feature_enabled":true,"jetpack_social_post_already_shared":true,"jetpack_social_options":{"image_generator_settings":{"template":"highway","default_image_id":0,"enabled":false},"version":2}},"categories":[7289],"tags":[109417,1282,4066],"class_list":{"0":"post-51962","1":"post","2":"type-post","3":"status-publish","4":"format-standard","5":"has-post-thumbnail","7":"category-njega-lica","8":"tag-gel-od-aloe-vere","9":"tag-recept","10":"tag-za-lice"},"yoast_head":"<!-- This site is optimized with the Yoast SEO plugin v25.3.1 - https:\/\/yoast.com\/wordpress\/plugins\/seo\/ -->\n<title>Gel od aloe vere za lice - Recept, primjena i dobrobiti za zrelu ko\u017eu<\/title>\n<meta name=\"description\" content=\"Kako napraviti gel od aloe vere za lice i kako ga koristiti za hidrataciju, umirivanje i regeneraciju ko\u017ee. Prirodna njega za \u017eene 35+. Recept\" \/>\n<meta name=\"robots\" content=\"index, follow, max-snippet:-1, max-image-preview:large, max-video-preview:-1\" \/>\n<link rel=\"canonical\" href=\"https:\/\/www.narodnilijek.com\/web\/gel-od-aloe-vere-za-lice\/\" \/>\n<meta property=\"og:locale\" content=\"hr_HR\" \/>\n<meta property=\"og:type\" content=\"article\" \/>\n<meta property=\"og:title\" content=\"Gel od aloe vere za lice - Recept, primjena i dobrobiti za zrelu ko\u017eu\" \/>\n<meta property=\"og:description\" content=\"Kako napraviti gel od aloe vere za lice i kako ga koristiti za hidrataciju, umirivanje i regeneraciju ko\u017ee. Prirodna njega za \u017eene 35+. Recept\" \/>\n<meta property=\"og:url\" content=\"https:\/\/www.narodnilijek.com\/web\/gel-od-aloe-vere-za-lice\/\" \/>\n<meta property=\"og:site_name\" content=\"Narodni Lijek\" \/>\n<meta property=\"article:publisher\" content=\"https:\/\/www.facebook.com\/narodnilijek\/\" \/>\n<meta property=\"article:author\" content=\"https:\/\/www.facebook.com\/narodnilijek\/\" \/>\n<meta property=\"article:published_time\" content=\"2025-06-05T06:51:22+00:00\" \/>\n<meta property=\"article:modified_time\" content=\"2025-06-05T07:38:26+00:00\" \/>\n<meta property=\"og:image\" content=\"https:\/\/www.narodnilijek.com\/web\/wp-content\/uploads\/gel-od-aloe-vere-za-lice.jpg\" \/>\n\t<meta property=\"og:image:width\" content=\"1200\" \/>\n\t<meta property=\"og:image:height\" content=\"750\" \/>\n\t<meta property=\"og:image:type\" content=\"image\/jpeg\" \/>\n<meta name=\"author\" content=\"Narodni Lijek\" \/>\n<meta name=\"twitter:card\" content=\"summary_large_image\" \/>\n<meta name=\"twitter:creator\" content=\"@https:\/\/twitter.com\/narodnilijek\" \/>\n<meta name=\"twitter:site\" content=\"@narodnilijek\" \/>\n<meta name=\"twitter:label1\" content=\"Napisao\/la\" \/>\n\t<meta name=\"twitter:data1\" content=\"Narodni Lijek\" \/>\n\t<meta name=\"twitter:label2\" content=\"Procijenjeno vrijeme \u010ditanja\" \/>\n\t<meta name=\"twitter:data2\" content=\"4 minute\" \/>\n<script type=\"application\/ld+json\" class=\"yoast-schema-graph\">{\"@context\":\"https:\/\/schema.org\",\"@graph\":[{\"@type\":\"WebPage\",\"@id\":\"https:\/\/www.narodnilijek.com\/web\/gel-od-aloe-vere-za-lice\/\",\"url\":\"https:\/\/www.narodnilijek.com\/web\/gel-od-aloe-vere-za-lice\/\",\"name\":\"Gel od aloe vere za lice - Recept, primjena i dobrobiti za zrelu ko\u017eu\",\"isPartOf\":{\"@id\":\"https:\/\/www.narodnilijek.com\/web\/#website\"},\"primaryImageOfPage\":{\"@id\":\"https:\/\/www.narodnilijek.com\/web\/gel-od-aloe-vere-za-lice\/#primaryimage\"},\"image\":{\"@id\":\"https:\/\/www.narodnilijek.com\/web\/gel-od-aloe-vere-za-lice\/#primaryimage\"},\"thumbnailUrl\":\"https:\/\/i0.wp.com\/www.narodnilijek.com\/web\/wp-content\/uploads\/gel-od-aloe-vere-za-lice.jpg?fit=1200%2C750&ssl=1\",\"datePublished\":\"2025-06-05T06:51:22+00:00\",\"dateModified\":\"2025-06-05T07:38:26+00:00\",\"author\":{\"@id\":\"https:\/\/www.narodnilijek.com\/web\/#\/schema\/person\/0d05cba60948b364a0a3445de138b90a\"},\"description\":\"Kako napraviti gel od aloe vere za lice i kako ga koristiti za hidrataciju, umirivanje i regeneraciju ko\u017ee. Prirodna njega za \u017eene 35+. Recept\",\"breadcrumb\":{\"@id\":\"https:\/\/www.narodnilijek.com\/web\/gel-od-aloe-vere-za-lice\/#breadcrumb\"},\"inLanguage\":\"hr\",\"potentialAction\":[{\"@type\":\"ReadAction\",\"target\":[\"https:\/\/www.narodnilijek.com\/web\/gel-od-aloe-vere-za-lice\/\"]}]},{\"@type\":\"ImageObject\",\"inLanguage\":\"hr\",\"@id\":\"https:\/\/www.narodnilijek.com\/web\/gel-od-aloe-vere-za-lice\/#primaryimage\",\"url\":\"https:\/\/i0.wp.com\/www.narodnilijek.com\/web\/wp-content\/uploads\/gel-od-aloe-vere-za-lice.jpg?fit=1200%2C750&ssl=1\",\"contentUrl\":\"https:\/\/i0.wp.com\/www.narodnilijek.com\/web\/wp-content\/uploads\/gel-od-aloe-vere-za-lice.jpg?fit=1200%2C750&ssl=1\",\"width\":1200,\"height\":750,\"caption\":\"gel od aloe vere za lice\"},{\"@type\":\"BreadcrumbList\",\"@id\":\"https:\/\/www.narodnilijek.com\/web\/gel-od-aloe-vere-za-lice\/#breadcrumb\",\"itemListElement\":[{\"@type\":\"ListItem\",\"position\":1,\"name\":\"Naslovna\",\"item\":\"https:\/\/www.narodnilijek.com\/web\/\"},{\"@type\":\"ListItem\",\"position\":2,\"name\":\"Gel od aloe vere za lice: kako ga napraviti i koristiti za prirodno lijepu i zdravu ko\u017eu\"}]},{\"@type\":\"WebSite\",\"@id\":\"https:\/\/www.narodnilijek.com\/web\/#website\",\"url\":\"https:\/\/www.narodnilijek.com\/web\/\",\"name\":\"Narodni Lijek\",\"description\":\"Magazin za zdravlje i alternativnu medicinu\",\"potentialAction\":[{\"@type\":\"SearchAction\",\"target\":{\"@type\":\"EntryPoint\",\"urlTemplate\":\"https:\/\/www.narodnilijek.com\/web\/?s={search_term_string}\"},\"query-input\":{\"@type\":\"PropertyValueSpecification\",\"valueRequired\":true,\"valueName\":\"search_term_string\"}}],\"inLanguage\":\"hr\"},{\"@type\":\"Person\",\"@id\":\"https:\/\/www.narodnilijek.com\/web\/#\/schema\/person\/0d05cba60948b364a0a3445de138b90a\",\"name\":\"Narodni Lijek\",\"image\":{\"@type\":\"ImageObject\",\"inLanguage\":\"hr\",\"@id\":\"https:\/\/www.narodnilijek.com\/web\/#\/schema\/person\/image\/\",\"url\":\"https:\/\/secure.gravatar.com\/avatar\/16745358e52f474902d32d3317f770b869a97c3ab370f70265386ad2cf3d0137?s=96&r=g\",\"contentUrl\":\"https:\/\/secure.gravatar.com\/avatar\/16745358e52f474902d32d3317f770b869a97c3ab370f70265386ad2cf3d0137?s=96&r=g\",\"caption\":\"Narodni Lijek\"},\"sameAs\":[\"http:\/\/www.narodnilijek.com\",\"https:\/\/www.facebook.com\/narodnilijek\/\",\"https:\/\/www.instagram.com\/narodnilijekcom\/\",\"https:\/\/x.com\/https:\/\/twitter.com\/narodnilijek\"]}]}<\/script>\n<!-- \/ Yoast SEO plugin. -->","yoast_head_json":{"title":"Gel od aloe vere za lice - Recept, primjena i dobrobiti za zrelu ko\u017eu","description":"Kako napraviti gel od aloe vere za lice i kako ga koristiti za hidrataciju, umirivanje i regeneraciju ko\u017ee. Prirodna njega za \u017eene 35+. Recept","robots":{"index":"index","follow":"follow","max-snippet":"max-snippet:-1","max-image-preview":"max-image-preview:large","max-video-preview":"max-video-preview:-1"},"canonical":"https:\/\/www.narodnilijek.com\/web\/gel-od-aloe-vere-za-lice\/","og_locale":"hr_HR","og_type":"article","og_title":"Gel od aloe vere za lice - Recept, primjena i dobrobiti za zrelu ko\u017eu","og_description":"Kako napraviti gel od aloe vere za lice i kako ga koristiti za hidrataciju, umirivanje i regeneraciju ko\u017ee. Prirodna njega za \u017eene 35+. Recept","og_url":"https:\/\/www.narodnilijek.com\/web\/gel-od-aloe-vere-za-lice\/","og_site_name":"Narodni Lijek","article_publisher":"https:\/\/www.facebook.com\/narodnilijek\/","article_author":"https:\/\/www.facebook.com\/narodnilijek\/","article_published_time":"2025-06-05T06:51:22+00:00","article_modified_time":"2025-06-05T07:38:26+00:00","og_image":[{"width":1200,"height":750,"url":"https:\/\/www.narodnilijek.com\/web\/wp-content\/uploads\/gel-od-aloe-vere-za-lice.jpg","type":"image\/jpeg"}],"author":"Narodni Lijek","twitter_card":"summary_large_image","twitter_creator":"@https:\/\/twitter.com\/narodnilijek","twitter_site":"@narodnilijek","twitter_misc":{"Napisao\/la":"Narodni Lijek","Procijenjeno vrijeme \u010ditanja":"4 minute"},"schema":{"@context":"https:\/\/schema.org","@graph":[{"@type":"WebPage","@id":"https:\/\/www.narodnilijek.com\/web\/gel-od-aloe-vere-za-lice\/","url":"https:\/\/www.narodnilijek.com\/web\/gel-od-aloe-vere-za-lice\/","name":"Gel od aloe vere za lice - Recept, primjena i dobrobiti za zrelu ko\u017eu","isPartOf":{"@id":"https:\/\/www.narodnilijek.com\/web\/#website"},"primaryImageOfPage":{"@id":"https:\/\/www.narodnilijek.com\/web\/gel-od-aloe-vere-za-lice\/#primaryimage"},"image":{"@id":"https:\/\/www.narodnilijek.com\/web\/gel-od-aloe-vere-za-lice\/#primaryimage"},"thumbnailUrl":"https:\/\/i0.wp.com\/www.narodnilijek.com\/web\/wp-content\/uploads\/gel-od-aloe-vere-za-lice.jpg?fit=1200%2C750&ssl=1","datePublished":"2025-06-05T06:51:22+00:00","dateModified":"2025-06-05T07:38:26+00:00","author":{"@id":"https:\/\/www.narodnilijek.com\/web\/#\/schema\/person\/0d05cba60948b364a0a3445de138b90a"},"description":"Kako napraviti gel od aloe vere za lice i kako ga koristiti za hidrataciju, umirivanje i regeneraciju ko\u017ee. Prirodna njega za \u017eene 35+. Recept","breadcrumb":{"@id":"https:\/\/www.narodnilijek.com\/web\/gel-od-aloe-vere-za-lice\/#breadcrumb"},"inLanguage":"hr","potentialAction":[{"@type":"ReadAction","target":["https:\/\/www.narodnilijek.com\/web\/gel-od-aloe-vere-za-lice\/"]}]},{"@type":"ImageObject","inLanguage":"hr","@id":"https:\/\/www.narodnilijek.com\/web\/gel-od-aloe-vere-za-lice\/#primaryimage","url":"https:\/\/i0.wp.com\/www.narodnilijek.com\/web\/wp-content\/uploads\/gel-od-aloe-vere-za-lice.jpg?fit=1200%2C750&ssl=1","contentUrl":"https:\/\/i0.wp.com\/www.narodnilijek.com\/web\/wp-content\/uploads\/gel-od-aloe-vere-za-lice.jpg?fit=1200%2C750&ssl=1","width":1200,"height":750,"caption":"gel od aloe vere za lice"},{"@type":"BreadcrumbList","@id":"https:\/\/www.narodnilijek.com\/web\/gel-od-aloe-vere-za-lice\/#breadcrumb","itemListElement":[{"@type":"ListItem","position":1,"name":"Naslovna","item":"https:\/\/www.narodnilijek.com\/web\/"},{"@type":"ListItem","position":2,"name":"Gel od aloe vere za lice: kako ga napraviti i koristiti za prirodno lijepu i zdravu ko\u017eu"}]},{"@type":"WebSite","@id":"https:\/\/www.narodnilijek.com\/web\/#website","url":"https:\/\/www.narodnilijek.com\/web\/","name":"Narodni Lijek","description":"Magazin za zdravlje i alternativnu medicinu","potentialAction":[{"@type":"SearchAction","target":{"@type":"EntryPoint","urlTemplate":"https:\/\/www.narodnilijek.com\/web\/?s={search_term_string}"},"query-input":{"@type":"PropertyValueSpecification","valueRequired":true,"valueName":"search_term_string"}}],"inLanguage":"hr"},{"@type":"Person","@id":"https:\/\/www.narodnilijek.com\/web\/#\/schema\/person\/0d05cba60948b364a0a3445de138b90a","name":"Narodni Lijek","image":{"@type":"ImageObject","inLanguage":"hr","@id":"https:\/\/www.narodnilijek.com\/web\/#\/schema\/person\/image\/","url":"https:\/\/secure.gravatar.com\/avatar\/16745358e52f474902d32d3317f770b869a97c3ab370f70265386ad2cf3d0137?s=96&r=g","contentUrl":"https:\/\/secure.gravatar.com\/avatar\/16745358e52f474902d32d3317f770b869a97c3ab370f70265386ad2cf3d0137?s=96&r=g","caption":"Narodni Lijek"},"sameAs":["http:\/\/www.narodnilijek.com","https:\/\/www.facebook.com\/narodnilijek\/","https:\/\/www.instagram.com\/narodnilijekcom\/","https:\/\/x.com\/https:\/\/twitter.com\/narodnilijek"]}]}},"jetpack_publicize_connections":[],"jetpack_featured_media_url":"https:\/\/i0.wp.com\/www.narodnilijek.com\/web\/wp-content\/uploads\/gel-od-aloe-vere-za-lice.jpg?fit=1200%2C750&ssl=1","jetpack_shortlink":"https:\/\/wp.me\/p56gMi-dw6","jetpack_sharing_enabled":true,"jetpack-related-posts":[],"_links":{"self":[{"href":"https:\/\/www.narodnilijek.com\/web\/wp-json\/wp\/v2\/posts\/51962","targetHints":{"allow":["GET"]}}],"collection":[{"href":"https:\/\/www.narodnilijek.com\/web\/wp-json\/wp\/v2\/posts"}],"about":[{"href":"https:\/\/www.narodnilijek.com\/web\/wp-json\/wp\/v2\/types\/post"}],"author":[{"embeddable":true,"href":"https:\/\/www.narodnilijek.com\/web\/wp-json\/wp\/v2\/users\/1"}],"replies":[{"embeddable":true,"href":"https:\/\/www.narodnilijek.com\/web\/wp-json\/wp\/v2\/comments?post=51962"}],"version-history":[{"count":4,"href":"https:\/\/www.narodnilijek.com\/web\/wp-json\/wp\/v2\/posts\/51962\/revisions"}],"predecessor-version":[{"id":51969,"href":"https:\/\/www.narodnilijek.com\/web\/wp-json\/wp\/v2\/posts\/51962\/revisions\/51969"}],"wp:featuredmedia":[{"embeddable":true,"href":"https:\/\/www.narodnilijek.com\/web\/wp-json\/wp\/v2\/media\/51963"}],"wp:attachment":[{"href":"https:\/\/www.narodnilijek.com\/web\/wp-json\/wp\/v2\/media?parent=51962"}],"wp:term":[{"taxonomy":"category","embeddable":true,"href":"https:\/\/www.narodnilijek.com\/web\/wp-json\/wp\/v2\/categories?post=51962"},{"taxonomy":"post_tag","embeddable":true,"href":"https:\/\/www.narodnilijek.com\/web\/wp-json\/wp\/v2\/tags?post=51962"}],"curies":[{"name":"wp","href":"https:\/\/api.w.org\/{rel}","templated":true}]}}