{"id":6970,"date":"2012-12-10T08:52:05","date_gmt":"2012-12-10T07:52:05","guid":{"rendered":"http:\/\/narodnilijek.com\/web\/?p=6970"},"modified":"2018-03-29T19:46:19","modified_gmt":"2018-03-29T18:46:19","slug":"antioksidanti-i-alzheimerova-bolest","status":"publish","type":"post","link":"https:\/\/www.narodnilijek.com\/web\/antioksidanti-i-alzheimerova-bolest\/","title":{"rendered":"Antioksidanti i Alzheimerova bolest"},"content":{"rendered":"<h3><img data-recalc-dims=\"1\" loading=\"lazy\" decoding=\"async\" class=\"alignleft wp-image-6971 size-full\" title=\"alzheimerova bolest\" src=\"https:\/\/i0.wp.com\/www.narodnilijek.com\/web\/wp-content\/uploads\/alzheimerova-bolest.jpg?resize=300%2C209\" alt=\"Alzheimer\" width=\"300\" height=\"209\" srcset=\"https:\/\/i0.wp.com\/www.narodnilijek.com\/web\/wp-content\/uploads\/alzheimerova-bolest.jpg?w=300&amp;ssl=1 300w, https:\/\/i0.wp.com\/www.narodnilijek.com\/web\/wp-content\/uploads\/alzheimerova-bolest.jpg?resize=100%2C70&amp;ssl=1 100w\" sizes=\"auto, (max-width: 300px) 100vw, 300px\" \/>Kao \u0161to smo ve\u0107 napomenuli, antioksidanti \u0161tite \u0107elije od \u0161tete koju im nanose slobodni radikali, te pretjerano aktivne molekule kisika koje se formiraju u organizmu od kisika koji udi\u0161emo i koje mogu da uni\u0161te zdrave \u0107elije.<\/h3>\n<p><strong>Mo\u017edano tkivo je posebno osjetljivo na napade slobodnih radikala<\/strong>. Postoje prili\u010dno \u010dvrsti dokazi da je aktivnost slobodnih radikala pove\u0107ana kod pacijenata oboljelih od Alzheimerove bolesti i, ako je to stvarno slu\u010daj, vjerojatno da antioksidanti imaju za\u0161titno djelovanje.<\/p>\n<p>Dva istra\u017eivanja su pokazala da osobe sa ovom bole\u0161\u0107u imaju nizak nivo vitamina E, koji je, ina\u010de, jedan od najsna\u017enijih antioksidanta. Klini\u010dka ispitivanja izvr\u0161ena na starijim osobama koje su uzimale dodatke u vidu razli\u010ditih mje\u0161avina vitamina E i C, koenzima Q-10, B6 i selena, dala su neke ohrabruju\u0107e rezultate u usporavanju progresivnog napredovanja Alzheimerove bolesti. Ukoliko ve\u0107 ne uzimate svakodnevno neku od kombinacija antioksidanta, trebalo bi da po\u010dnete!<\/p>\n","protected":false},"excerpt":{"rendered":"<p>Kao \u0161to smo ve\u0107 napomenuli, antioksidanti \u0161tite \u0107elije od \u0161tete koju im nanose slobodni radikali, te pretjerano aktivne molekule kisika koje se formiraju u organizmu od kisika koji udi\u0161emo i koje mogu da uni\u0161te zdrave \u0107elije. Mo\u017edano tkivo je posebno osjetljivo na napade slobodnih radikala. Postoje prili\u010dno \u010dvrsti dokazi da je aktivnost slobodnih radikala pove\u0107ana [&hellip;]<\/p>\n","protected":false},"author":1,"featured_media":6971,"comment_status":"open","ping_status":"open","sticky":false,"template":"","format":"standard","meta":{"jetpack_post_was_ever_published":false,"_jetpack_newsletter_access":"","_jetpack_dont_email_post_to_subs":false,"_jetpack_newsletter_tier_id":0,"_jetpack_memberships_contains_paywalled_content":false,"_jetpack_memberships_contains_paid_content":false,"footnotes":"","jetpack_publicize_message":"","jetpack_publicize_feature_enabled":true,"jetpack_social_post_already_shared":false,"jetpack_social_options":{"image_generator_settings":{"template":"highway","default_image_id":0,"enabled":false},"version":2}},"categories":[3,427],"tags":[684,55,2227,2226],"class_list":{"0":"post-6970","1":"post","2":"type-post","3":"status-publish","4":"format-standard","5":"has-post-thumbnail","7":"category-alternativna-medicina","8":"category-savjeti","9":"tag-alzheimerova-bolest","10":"tag-antioksidanti","11":"tag-radikali","12":"tag-slobodni"},"yoast_head":"<!-- This site is optimized with the Yoast SEO plugin v25.3.1 - https:\/\/yoast.com\/wordpress\/plugins\/seo\/ -->\n<title>Alzheimerova bolest - Povezanost sa antioksidantima<\/title>\n<meta name=\"description\" content=\"Postoje prili\u010dno \u010dvrsti dokazi da je aktivnost slobodnih radikala pove\u0107ana kod pacijenata oboljelih od Alzheimerove bolesti i, ako je to stvarno slu\u010daj, vjerojatno da antioksidanti imaju za\u0161titno djelovanje.\" \/>\n<meta name=\"robots\" content=\"index, follow, max-snippet:-1, max-image-preview:large, max-video-preview:-1\" \/>\n<link rel=\"canonical\" href=\"https:\/\/www.narodnilijek.com\/web\/antioksidanti-i-alzheimerova-bolest\/\" \/>\n<meta property=\"og:locale\" content=\"hr_HR\" \/>\n<meta property=\"og:type\" content=\"article\" \/>\n<meta property=\"og:title\" content=\"Alzheimerova bolest - Povezanost sa antioksidantima\" \/>\n<meta property=\"og:description\" content=\"Postoje prili\u010dno \u010dvrsti dokazi da je aktivnost slobodnih radikala pove\u0107ana kod pacijenata oboljelih od Alzheimerove bolesti i, ako je to stvarno slu\u010daj, vjerojatno da antioksidanti imaju za\u0161titno djelovanje.\" \/>\n<meta property=\"og:url\" content=\"https:\/\/www.narodnilijek.com\/web\/antioksidanti-i-alzheimerova-bolest\/\" \/>\n<meta property=\"og:site_name\" content=\"Narodni Lijek\" \/>\n<meta property=\"article:publisher\" content=\"https:\/\/www.facebook.com\/narodnilijek\/\" \/>\n<meta property=\"article:author\" content=\"https:\/\/www.facebook.com\/narodnilijek\/\" \/>\n<meta property=\"article:published_time\" content=\"2012-12-10T07:52:05+00:00\" \/>\n<meta property=\"article:modified_time\" content=\"2018-03-29T18:46:19+00:00\" \/>\n<meta property=\"og:image\" content=\"https:\/\/www.narodnilijek.com\/web\/wp-content\/uploads\/alzheimerova-bolest.jpg\" \/>\n\t<meta property=\"og:image:width\" content=\"300\" \/>\n\t<meta property=\"og:image:height\" content=\"209\" \/>\n\t<meta property=\"og:image:type\" content=\"image\/jpeg\" \/>\n<meta name=\"author\" content=\"Narodni Lijek\" \/>\n<meta name=\"twitter:card\" content=\"summary_large_image\" \/>\n<meta name=\"twitter:creator\" content=\"@https:\/\/twitter.com\/narodnilijek\" \/>\n<meta name=\"twitter:site\" content=\"@narodnilijek\" \/>\n<meta name=\"twitter:label1\" content=\"Napisao\/la\" \/>\n\t<meta name=\"twitter:data1\" content=\"Narodni Lijek\" \/>\n\t<meta name=\"twitter:label2\" content=\"Procijenjeno vrijeme \u010ditanja\" \/>\n\t<meta name=\"twitter:data2\" content=\"1 minuta\" \/>\n<script type=\"application\/ld+json\" class=\"yoast-schema-graph\">{\"@context\":\"https:\/\/schema.org\",\"@graph\":[{\"@type\":\"WebPage\",\"@id\":\"https:\/\/www.narodnilijek.com\/web\/antioksidanti-i-alzheimerova-bolest\/\",\"url\":\"https:\/\/www.narodnilijek.com\/web\/antioksidanti-i-alzheimerova-bolest\/\",\"name\":\"Alzheimerova bolest - Povezanost sa antioksidantima\",\"isPartOf\":{\"@id\":\"https:\/\/www.narodnilijek.com\/web\/#website\"},\"primaryImageOfPage\":{\"@id\":\"https:\/\/www.narodnilijek.com\/web\/antioksidanti-i-alzheimerova-bolest\/#primaryimage\"},\"image\":{\"@id\":\"https:\/\/www.narodnilijek.com\/web\/antioksidanti-i-alzheimerova-bolest\/#primaryimage\"},\"thumbnailUrl\":\"https:\/\/i0.wp.com\/www.narodnilijek.com\/web\/wp-content\/uploads\/alzheimerova-bolest.jpg?fit=300%2C209&ssl=1\",\"datePublished\":\"2012-12-10T07:52:05+00:00\",\"dateModified\":\"2018-03-29T18:46:19+00:00\",\"author\":{\"@id\":\"https:\/\/www.narodnilijek.com\/web\/#\/schema\/person\/0d05cba60948b364a0a3445de138b90a\"},\"description\":\"Postoje prili\u010dno \u010dvrsti dokazi da je aktivnost slobodnih radikala pove\u0107ana kod pacijenata oboljelih od Alzheimerove bolesti i, ako je to stvarno slu\u010daj, vjerojatno da antioksidanti imaju za\u0161titno djelovanje.\",\"breadcrumb\":{\"@id\":\"https:\/\/www.narodnilijek.com\/web\/antioksidanti-i-alzheimerova-bolest\/#breadcrumb\"},\"inLanguage\":\"hr\",\"potentialAction\":[{\"@type\":\"ReadAction\",\"target\":[\"https:\/\/www.narodnilijek.com\/web\/antioksidanti-i-alzheimerova-bolest\/\"]}]},{\"@type\":\"ImageObject\",\"inLanguage\":\"hr\",\"@id\":\"https:\/\/www.narodnilijek.com\/web\/antioksidanti-i-alzheimerova-bolest\/#primaryimage\",\"url\":\"https:\/\/i0.wp.com\/www.narodnilijek.com\/web\/wp-content\/uploads\/alzheimerova-bolest.jpg?fit=300%2C209&ssl=1\",\"contentUrl\":\"https:\/\/i0.wp.com\/www.narodnilijek.com\/web\/wp-content\/uploads\/alzheimerova-bolest.jpg?fit=300%2C209&ssl=1\",\"width\":300,\"height\":209,\"caption\":\"Alzheimer\"},{\"@type\":\"BreadcrumbList\",\"@id\":\"https:\/\/www.narodnilijek.com\/web\/antioksidanti-i-alzheimerova-bolest\/#breadcrumb\",\"itemListElement\":[{\"@type\":\"ListItem\",\"position\":1,\"name\":\"Naslovna\",\"item\":\"https:\/\/www.narodnilijek.com\/web\/\"},{\"@type\":\"ListItem\",\"position\":2,\"name\":\"Antioksidanti i Alzheimerova bolest\"}]},{\"@type\":\"WebSite\",\"@id\":\"https:\/\/www.narodnilijek.com\/web\/#website\",\"url\":\"https:\/\/www.narodnilijek.com\/web\/\",\"name\":\"Narodni Lijek\",\"description\":\"Magazin za zdravlje i alternativnu medicinu\",\"potentialAction\":[{\"@type\":\"SearchAction\",\"target\":{\"@type\":\"EntryPoint\",\"urlTemplate\":\"https:\/\/www.narodnilijek.com\/web\/?s={search_term_string}\"},\"query-input\":{\"@type\":\"PropertyValueSpecification\",\"valueRequired\":true,\"valueName\":\"search_term_string\"}}],\"inLanguage\":\"hr\"},{\"@type\":\"Person\",\"@id\":\"https:\/\/www.narodnilijek.com\/web\/#\/schema\/person\/0d05cba60948b364a0a3445de138b90a\",\"name\":\"Narodni Lijek\",\"image\":{\"@type\":\"ImageObject\",\"inLanguage\":\"hr\",\"@id\":\"https:\/\/www.narodnilijek.com\/web\/#\/schema\/person\/image\/\",\"url\":\"https:\/\/secure.gravatar.com\/avatar\/16745358e52f474902d32d3317f770b869a97c3ab370f70265386ad2cf3d0137?s=96&r=g\",\"contentUrl\":\"https:\/\/secure.gravatar.com\/avatar\/16745358e52f474902d32d3317f770b869a97c3ab370f70265386ad2cf3d0137?s=96&r=g\",\"caption\":\"Narodni Lijek\"},\"sameAs\":[\"http:\/\/www.narodnilijek.com\",\"https:\/\/www.facebook.com\/narodnilijek\/\",\"https:\/\/www.instagram.com\/narodnilijekcom\/\",\"https:\/\/x.com\/https:\/\/twitter.com\/narodnilijek\"]}]}<\/script>\n<!-- \/ Yoast SEO plugin. -->","yoast_head_json":{"title":"Alzheimerova bolest - Povezanost sa antioksidantima","description":"Postoje prili\u010dno \u010dvrsti dokazi da je aktivnost slobodnih radikala pove\u0107ana kod pacijenata oboljelih od Alzheimerove bolesti i, ako je to stvarno slu\u010daj, vjerojatno da antioksidanti imaju za\u0161titno djelovanje.","robots":{"index":"index","follow":"follow","max-snippet":"max-snippet:-1","max-image-preview":"max-image-preview:large","max-video-preview":"max-video-preview:-1"},"canonical":"https:\/\/www.narodnilijek.com\/web\/antioksidanti-i-alzheimerova-bolest\/","og_locale":"hr_HR","og_type":"article","og_title":"Alzheimerova bolest - Povezanost sa antioksidantima","og_description":"Postoje prili\u010dno \u010dvrsti dokazi da je aktivnost slobodnih radikala pove\u0107ana kod pacijenata oboljelih od Alzheimerove bolesti i, ako je to stvarno slu\u010daj, vjerojatno da antioksidanti imaju za\u0161titno djelovanje.","og_url":"https:\/\/www.narodnilijek.com\/web\/antioksidanti-i-alzheimerova-bolest\/","og_site_name":"Narodni Lijek","article_publisher":"https:\/\/www.facebook.com\/narodnilijek\/","article_author":"https:\/\/www.facebook.com\/narodnilijek\/","article_published_time":"2012-12-10T07:52:05+00:00","article_modified_time":"2018-03-29T18:46:19+00:00","og_image":[{"width":300,"height":209,"url":"https:\/\/www.narodnilijek.com\/web\/wp-content\/uploads\/alzheimerova-bolest.jpg","type":"image\/jpeg"}],"author":"Narodni Lijek","twitter_card":"summary_large_image","twitter_creator":"@https:\/\/twitter.com\/narodnilijek","twitter_site":"@narodnilijek","twitter_misc":{"Napisao\/la":"Narodni Lijek","Procijenjeno vrijeme \u010ditanja":"1 minuta"},"schema":{"@context":"https:\/\/schema.org","@graph":[{"@type":"WebPage","@id":"https:\/\/www.narodnilijek.com\/web\/antioksidanti-i-alzheimerova-bolest\/","url":"https:\/\/www.narodnilijek.com\/web\/antioksidanti-i-alzheimerova-bolest\/","name":"Alzheimerova bolest - Povezanost sa antioksidantima","isPartOf":{"@id":"https:\/\/www.narodnilijek.com\/web\/#website"},"primaryImageOfPage":{"@id":"https:\/\/www.narodnilijek.com\/web\/antioksidanti-i-alzheimerova-bolest\/#primaryimage"},"image":{"@id":"https:\/\/www.narodnilijek.com\/web\/antioksidanti-i-alzheimerova-bolest\/#primaryimage"},"thumbnailUrl":"https:\/\/i0.wp.com\/www.narodnilijek.com\/web\/wp-content\/uploads\/alzheimerova-bolest.jpg?fit=300%2C209&ssl=1","datePublished":"2012-12-10T07:52:05+00:00","dateModified":"2018-03-29T18:46:19+00:00","author":{"@id":"https:\/\/www.narodnilijek.com\/web\/#\/schema\/person\/0d05cba60948b364a0a3445de138b90a"},"description":"Postoje prili\u010dno \u010dvrsti dokazi da je aktivnost slobodnih radikala pove\u0107ana kod pacijenata oboljelih od Alzheimerove bolesti i, ako je to stvarno slu\u010daj, vjerojatno da antioksidanti imaju za\u0161titno djelovanje.","breadcrumb":{"@id":"https:\/\/www.narodnilijek.com\/web\/antioksidanti-i-alzheimerova-bolest\/#breadcrumb"},"inLanguage":"hr","potentialAction":[{"@type":"ReadAction","target":["https:\/\/www.narodnilijek.com\/web\/antioksidanti-i-alzheimerova-bolest\/"]}]},{"@type":"ImageObject","inLanguage":"hr","@id":"https:\/\/www.narodnilijek.com\/web\/antioksidanti-i-alzheimerova-bolest\/#primaryimage","url":"https:\/\/i0.wp.com\/www.narodnilijek.com\/web\/wp-content\/uploads\/alzheimerova-bolest.jpg?fit=300%2C209&ssl=1","contentUrl":"https:\/\/i0.wp.com\/www.narodnilijek.com\/web\/wp-content\/uploads\/alzheimerova-bolest.jpg?fit=300%2C209&ssl=1","width":300,"height":209,"caption":"Alzheimer"},{"@type":"BreadcrumbList","@id":"https:\/\/www.narodnilijek.com\/web\/antioksidanti-i-alzheimerova-bolest\/#breadcrumb","itemListElement":[{"@type":"ListItem","position":1,"name":"Naslovna","item":"https:\/\/www.narodnilijek.com\/web\/"},{"@type":"ListItem","position":2,"name":"Antioksidanti i Alzheimerova bolest"}]},{"@type":"WebSite","@id":"https:\/\/www.narodnilijek.com\/web\/#website","url":"https:\/\/www.narodnilijek.com\/web\/","name":"Narodni Lijek","description":"Magazin za zdravlje i alternativnu medicinu","potentialAction":[{"@type":"SearchAction","target":{"@type":"EntryPoint","urlTemplate":"https:\/\/www.narodnilijek.com\/web\/?s={search_term_string}"},"query-input":{"@type":"PropertyValueSpecification","valueRequired":true,"valueName":"search_term_string"}}],"inLanguage":"hr"},{"@type":"Person","@id":"https:\/\/www.narodnilijek.com\/web\/#\/schema\/person\/0d05cba60948b364a0a3445de138b90a","name":"Narodni Lijek","image":{"@type":"ImageObject","inLanguage":"hr","@id":"https:\/\/www.narodnilijek.com\/web\/#\/schema\/person\/image\/","url":"https:\/\/secure.gravatar.com\/avatar\/16745358e52f474902d32d3317f770b869a97c3ab370f70265386ad2cf3d0137?s=96&r=g","contentUrl":"https:\/\/secure.gravatar.com\/avatar\/16745358e52f474902d32d3317f770b869a97c3ab370f70265386ad2cf3d0137?s=96&r=g","caption":"Narodni Lijek"},"sameAs":["http:\/\/www.narodnilijek.com","https:\/\/www.facebook.com\/narodnilijek\/","https:\/\/www.instagram.com\/narodnilijekcom\/","https:\/\/x.com\/https:\/\/twitter.com\/narodnilijek"]}]}},"jetpack_publicize_connections":[],"jetpack_featured_media_url":"https:\/\/i0.wp.com\/www.narodnilijek.com\/web\/wp-content\/uploads\/alzheimerova-bolest.jpg?fit=300%2C209&ssl=1","jetpack_shortlink":"https:\/\/wp.me\/p56gMi-1Oq","jetpack_sharing_enabled":true,"jetpack-related-posts":[],"_links":{"self":[{"href":"https:\/\/www.narodnilijek.com\/web\/wp-json\/wp\/v2\/posts\/6970","targetHints":{"allow":["GET"]}}],"collection":[{"href":"https:\/\/www.narodnilijek.com\/web\/wp-json\/wp\/v2\/posts"}],"about":[{"href":"https:\/\/www.narodnilijek.com\/web\/wp-json\/wp\/v2\/types\/post"}],"author":[{"embeddable":true,"href":"https:\/\/www.narodnilijek.com\/web\/wp-json\/wp\/v2\/users\/1"}],"replies":[{"embeddable":true,"href":"https:\/\/www.narodnilijek.com\/web\/wp-json\/wp\/v2\/comments?post=6970"}],"version-history":[{"count":3,"href":"https:\/\/www.narodnilijek.com\/web\/wp-json\/wp\/v2\/posts\/6970\/revisions"}],"predecessor-version":[{"id":29275,"href":"https:\/\/www.narodnilijek.com\/web\/wp-json\/wp\/v2\/posts\/6970\/revisions\/29275"}],"wp:featuredmedia":[{"embeddable":true,"href":"https:\/\/www.narodnilijek.com\/web\/wp-json\/wp\/v2\/media\/6971"}],"wp:attachment":[{"href":"https:\/\/www.narodnilijek.com\/web\/wp-json\/wp\/v2\/media?parent=6970"}],"wp:term":[{"taxonomy":"category","embeddable":true,"href":"https:\/\/www.narodnilijek.com\/web\/wp-json\/wp\/v2\/categories?post=6970"},{"taxonomy":"post_tag","embeddable":true,"href":"https:\/\/www.narodnilijek.com\/web\/wp-json\/wp\/v2\/tags?post=6970"}],"curies":[{"name":"wp","href":"https:\/\/api.w.org\/{rel}","templated":true}]}}